{"id":6872,"date":"2017-11-13T13:11:10","date_gmt":"2017-11-13T12:11:10","guid":{"rendered":"http:\/\/gargantadelosmontes.es\/turismo\/?p=6872"},"modified":"2020-10-10T18:00:09","modified_gmt":"2020-10-10T16:00:09","slug":"iglesia-parroquial-de-san-pedro-apostol-2","status":"publish","type":"post","link":"https:\/\/www.gargantadelosmontes.es\/index.php\/2017\/11\/13\/iglesia-parroquial-de-san-pedro-apostol-2\/","title":{"rendered":"Iglesia Parroquial de San Pedro Ap\u00f3stol"},"content":{"rendered":"<p>Situada en el centro de Garganta, data de finales del siglo XV, aunque su historia se remonta a la de las Cofrad\u00edas de la Virgen y de San Isidro, que ya exist\u00edan cien a\u00f1os antes. Los cofrades que acud\u00edan a la Ermita de San Isidro, en el cercano pueblo de Ferreros (hoy desaparecido), decidieron levantar esta Iglesia ante su apreciable deterioro.<\/p>\n<p>La Iglesia posee tres naves, separadas por arcos de medio punto. Aunque su estilo se podr\u00eda calificar como bizantino en su conjunto, se aprecian tambi\u00e9n elementos g\u00f3ticos, rom\u00e1nicos y barrocos. En la parte m\u00e1s antigua destaca la capilla mayor, cubierta con una b\u00f3veda de crucer\u00eda, y sobre todo su torre, ubicada a los pies del edificio, de grandes proporciones respecto al resto del templo. Es de tres cuerpos y cuenta con ocho arcos de medio punto en su parte superior, que dejan entrever el campanario.<\/p>\n<p>Durante la Guerra de Independencia y la Guerra Civil se deterior\u00f3 gravemente la estructura del edificio y la despojaron de las piezas \u00fanicas que en su interior se conservaron durante siglos: una talla rom\u00e1nica de la Virgen, el archivo parroquial y numerosos objetos de plata. Entre los tesoros que a\u00fan conserva, encontramos la pila bautismal y las del agua bendita, tan antiguas como el propio pueblo de Garganta.<\/p>\n","protected":false},"excerpt":{"rendered":"<p>Situada en el centro de Garganta, data de finales del siglo XV, aunque su historia se remonta a la de las Cofrad\u00edas de la Virgen y de San Isidro, que ya exist\u00edan cien a\u00f1os antes. Los cofrades que acud\u00edan a&#8230; <a class=\"more-link\" href=\"https:\/\/www.gargantadelosmontes.es\/index.php\/2017\/11\/13\/iglesia-parroquial-de-san-pedro-apostol-2\/\"> Leer m\u00e1s &rarr;<\/a><\/p>\n","protected":false},"author":1,"featured_media":6867,"comment_status":"closed","ping_status":"closed","sticky":false,"template":"","format":"standard","meta":{"footnotes":""},"categories":[73],"tags":[],"class_list":["post-6872","post","type-post","status-publish","format-standard","has-post-thumbnail","hentry","category-gdlm-que-ver"],"_links":{"self":[{"href":"https:\/\/www.gargantadelosmontes.es\/index.php\/wp-json\/wp\/v2\/posts\/6872","targetHints":{"allow":["GET"]}}],"collection":[{"href":"https:\/\/www.gargantadelosmontes.es\/index.php\/wp-json\/wp\/v2\/posts"}],"about":[{"href":"https:\/\/www.gargantadelosmontes.es\/index.php\/wp-json\/wp\/v2\/types\/post"}],"author":[{"embeddable":true,"href":"https:\/\/www.gargantadelosmontes.es\/index.php\/wp-json\/wp\/v2\/users\/1"}],"replies":[{"embeddable":true,"href":"https:\/\/www.gargantadelosmontes.es\/index.php\/wp-json\/wp\/v2\/comments?post=6872"}],"version-history":[{"count":1,"href":"https:\/\/www.gargantadelosmontes.es\/index.php\/wp-json\/wp\/v2\/posts\/6872\/revisions"}],"predecessor-version":[{"id":6873,"href":"https:\/\/www.gargantadelosmontes.es\/index.php\/wp-json\/wp\/v2\/posts\/6872\/revisions\/6873"}],"wp:featuredmedia":[{"embeddable":true,"href":"https:\/\/www.gargantadelosmontes.es\/index.php\/wp-json\/wp\/v2\/media\/6867"}],"wp:attachment":[{"href":"https:\/\/www.gargantadelosmontes.es\/index.php\/wp-json\/wp\/v2\/media?parent=6872"}],"wp:term":[{"taxonomy":"category","embeddable":true,"href":"https:\/\/www.gargantadelosmontes.es\/index.php\/wp-json\/wp\/v2\/categories?post=6872"},{"taxonomy":"post_tag","embeddable":true,"href":"https:\/\/www.gargantadelosmontes.es\/index.php\/wp-json\/wp\/v2\/tags?post=6872"}],"curies":[{"name":"wp","href":"https:\/\/api.w.org\/{rel}","templated":true}]}}