{"id":6592,"date":"2017-10-09T10:06:44","date_gmt":"2017-10-09T10:06:44","guid":{"rendered":"http:\/\/gargantadelosmontes.es\/turismo\/?p=6592"},"modified":"2020-10-10T18:00:09","modified_gmt":"2020-10-10T16:00:09","slug":"otros-servicios","status":"publish","type":"post","link":"https:\/\/www.gargantadelosmontes.es\/index.php\/2017\/10\/09\/otros-servicios\/","title":{"rendered":"Otros Servicios"},"content":{"rendered":"<div class=\"su-service\"><div class=\"su-service-title\" style=\"padding-left:34px;min-height:20px;line-height:20px\"><i class=\"sui sui-plus-circle\" style=\"font-size:20px;color:#333\"><\/i> Farmacia<\/div><div class=\"su-service-content su-u-clearfix su-u-trim\" style=\"padding-left:34px\">\u00a0De lunes a s\u00e1bado de 10.00h a 14.00h. Tfno. 91 869 43 30 \u2013 649 70 97 02<\/div><\/div>\n<div class=\"su-service\"><div class=\"su-service-title\" style=\"padding-left:40px;min-height:26px;line-height:26px\"><i class=\"sui sui-cart-arrow-down\" style=\"font-size:26px;color:#333\"><\/i> Supermercado Udaco<\/div><div class=\"su-service-content su-u-clearfix su-u-trim\" style=\"padding-left:40px\">Supermercado, estanco y carnicer\u00eda. c\/ Nueva n\u00ba6 Garganta de los Montes (Madrid). Tfno.\u00a091.869.47.28<\/div><\/div>\n<div class=\"su-service\"><div class=\"su-service-title\" style=\"padding-left:34px;min-height:20px;line-height:20px\"><i class=\"sui sui-scissors\" style=\"font-size:20px;color:#333\"><\/i> Peluquer\u00eda (Sara)<\/div><div class=\"su-service-content su-u-clearfix su-u-trim\" style=\"padding-left:34px\">Jueves en la Sala Mondalindo. Tfno. 629 02 35 36<\/div><\/div>\n<div class=\"su-service\"><div class=\"su-service-title\" style=\"padding-left:34px;min-height:20px;line-height:20px\"><i class=\"sui sui-hospital-o\" style=\"font-size:20px;color:#333\"><\/i> Fisioterapeuta (Jos\u00e9)<\/div><div class=\"su-service-content su-u-clearfix su-u-trim\" style=\"padding-left:34px\">\nEn Garganta de los Montes: mi\u00e9rcoles en la Cl\u00ednica.<br \/>\nEn El Cuadr\u00f3n: mi\u00e9rcoles en la Cl\u00ednica. Tfno. 696 88 15 68<\/div><\/div>\n<div class=\"su-service\"><div class=\"su-service-title\" style=\"padding-left:34px;min-height:20px;line-height:20px\"><i class=\"sui sui-fire-extinguisher\" style=\"font-size:20px;color:#333\"><\/i> Bomberos de Lozoyuela<\/div><div class=\"su-service-content su-u-clearfix su-u-trim\" style=\"padding-left:34px\">Tfno. 112 \u00f3 91 869 46 45<\/div><\/div>\n<div class=\"su-service\"><div class=\"su-service-title\" style=\"padding-left:34px;min-height:20px;line-height:20px\"><i class=\"sui sui-cab\" style=\"font-size:20px;color:#333\"><\/i> Guardia Civil de Lozoyuela<\/div><div class=\"su-service-content su-u-clearfix su-u-trim\" style=\"padding-left:34px\">Tfno. 91 869 40 08<\/div><\/div>\n<div class=\"su-service\"><div class=\"su-service-title\" style=\"padding-left:34px;min-height:20px;line-height:20px\"><i class=\"sui sui-plus\" style=\"font-size:20px;color:#333\"><\/i> Funeraria Ntra. Sra. de los Remedios<\/div><div class=\"su-service-content su-u-clearfix su-u-trim\" style=\"padding-left:34px\">Servicio 24 horas. Tfno. 902 11 29 00<\/div><\/div>\n<div class=\"su-service\"><div class=\"su-service-title\" style=\"padding-left:34px;min-height:20px;line-height:20px\"><i class=\"sui sui-university\" style=\"font-size:20px;color:#333\"><\/i> Delegaci\u00f3n Comarcal de Agricultura y Ganader\u00eda de Buitrago del Lozoya<\/div><div class=\"su-service-content su-u-clearfix su-u-trim\" style=\"padding-left:34px\"> Tfno. 91 869 02 04<\/div><\/div>\n","protected":false},"excerpt":{"rendered":"","protected":false},"author":1,"featured_media":0,"comment_status":"closed","ping_status":"closed","sticky":false,"template":"","format":"standard","meta":{"footnotes":""},"categories":[75],"tags":[],"class_list":["post-6592","post","type-post","status-publish","format-standard","hentry","category-gdlm-servicios"],"_links":{"self":[{"href":"https:\/\/www.gargantadelosmontes.es\/index.php\/wp-json\/wp\/v2\/posts\/6592","targetHints":{"allow":["GET"]}}],"collection":[{"href":"https:\/\/www.gargantadelosmontes.es\/index.php\/wp-json\/wp\/v2\/posts"}],"about":[{"href":"https:\/\/www.gargantadelosmontes.es\/index.php\/wp-json\/wp\/v2\/types\/post"}],"author":[{"embeddable":true,"href":"https:\/\/www.gargantadelosmontes.es\/index.php\/wp-json\/wp\/v2\/users\/1"}],"replies":[{"embeddable":true,"href":"https:\/\/www.gargantadelosmontes.es\/index.php\/wp-json\/wp\/v2\/comments?post=6592"}],"version-history":[{"count":10,"href":"https:\/\/www.gargantadelosmontes.es\/index.php\/wp-json\/wp\/v2\/posts\/6592\/revisions"}],"predecessor-version":[{"id":7925,"href":"https:\/\/www.gargantadelosmontes.es\/index.php\/wp-json\/wp\/v2\/posts\/6592\/revisions\/7925"}],"wp:attachment":[{"href":"https:\/\/www.gargantadelosmontes.es\/index.php\/wp-json\/wp\/v2\/media?parent=6592"}],"wp:term":[{"taxonomy":"category","embeddable":true,"href":"https:\/\/www.gargantadelosmontes.es\/index.php\/wp-json\/wp\/v2\/categories?post=6592"},{"taxonomy":"post_tag","embeddable":true,"href":"https:\/\/www.gargantadelosmontes.es\/index.php\/wp-json\/wp\/v2\/tags?post=6592"}],"curies":[{"name":"wp","href":"https:\/\/api.w.org\/{rel}","templated":true}]}}